{"id":1156,"date":"2020-01-14T21:17:57","date_gmt":"2020-01-14T21:17:57","guid":{"rendered":"https:\/\/cietsigubernamental.com\/blog\/?p=1156"},"modified":"2020-01-14T21:20:58","modified_gmt":"2020-01-14T21:20:58","slug":"curso-de-especializacion-redaccion-profesional-de-documentos-oficiales-en-la-gestion-publica-2020","status":"publish","type":"post","link":"https:\/\/cietsigubernamental.com\/blog\/curso-de-especializacion-redaccion-profesional-de-documentos-oficiales-en-la-gestion-publica-2020-1156\/","title":{"rendered":"CURSO DE ESPECIALIZACI\u00d3N REDACCI\u00d3N PROFESIONAL DE DOCUMENTOS OFICIALES EN LA GESTI\u00d3N P\u00daBLICA 2020"},"content":{"rendered":"<p><strong>CURSO DE ESPECIALIZACI\u00d3N REDACCI\u00d3N PROFESIONAL DE DOCUMENTOS OFICIALES EN LA GESTI\u00d3N P\u00daBLICA<\/strong><\/p>\n<p><strong>MODALIDAD PRESENCIAL CHICLAYO:<\/strong><\/p>\n<p><strong>Fechas de clases:\u00a0<\/strong>18, 20, 25 y 27 de febrero de 2020<\/p>\n<p><strong>Horario:\u00a0<\/strong>martes y jueves de 3:30pm a 6:30pm<\/p>\n<p><strong>Lugar:<\/strong>\u00a0Av. S\u00e1enz Pe\u00f1a 615, Chiclayo (Referencia: Altura con Ca. Mar\u00eda Izaga)<\/p>\n<p><strong>MODALIDAD PRESENCIAL PIURA:<\/strong><\/p>\n<p><strong>Fechas de clases:\u00a0<\/strong>13 y 14 de marzo de 2020<\/p>\n<p><strong>Horario:\u00a0<\/strong>viernes 13 de marzo de 9:00am a 1:00pm y 4:00pm a 8:00pm y s\u00e1bado 14 de marzo de 9:00am a 1:00pm<\/p>\n<p><strong>Lugar:\u00a0<\/strong>Av. Grau 220, 2do piso, Piura (Referencia: Altura con Jr. Arequipa, centro de Piura)<\/p>\n<p><strong>MODALIDAD VIRTUAL A NIVEL NACIONAL<\/strong><\/p>\n<p>Clases en vivo, en caso no est\u00e9s conectado puedes acceder a la grabaci\u00f3n en el campus virtual, acceso ilimitado<\/p>\n<p><strong>PONENTE:<\/strong>\u00a0Mg. Jes\u00fas Alberto Paiba Samam\u00e9 (Licenciado y Magister en Educaci\u00f3n \u2013 Experto en Comunicaci\u00f3n Personal y Organizacional)<\/p>\n<div class=\"widget-title\">\n<h3>Dirigido<\/h3>\n<\/div>\n<p>Dirigido a los trabajadores administrativos del sector p\u00fablico, as\u00ed como estudiantes de educaci\u00f3n superior y profesionales interesados en mejorar su competencia comunicativa escrita.<\/p>\n<div class=\"widget-title\">\n<h3>Objetivos<\/h3>\n<\/div>\n<p>Al finalizar el curso de especializaci\u00f3n, el participante ser\u00e1 capaz de redactar documentos de gesti\u00f3n administrativa considerando aspectos de estilo, estructura textual y con correcci\u00f3n ortogr\u00e1fica.<\/p>\n<div class=\"widget-title\">\n<h3>Temario<\/h3>\n<\/div>\n<p><strong>I Competencia ortogr\u00e1fica y l\u00e9xica:<\/strong><\/p>\n<p>+ Acentuaci\u00f3n general, diacr\u00edtica y enf\u00e1tica.<\/p>\n<p>+ Uso de may\u00fasculas.<\/p>\n<p>+ Signos de puntuaci\u00f3n.<\/p>\n<p>+ Uso de graf\u00edas, siglas y acr\u00f3nimos.<\/p>\n<p><strong>II Coherencia y cohesi\u00f3n textual:<\/strong><\/p>\n<p>+ Vicios idiom\u00e1ticos.<\/p>\n<p>+ Referentes textuales: an\u00e1fora, cat\u00e1fora y elipsis.<\/p>\n<p>+ Conectores l\u00f3gicos.<\/p>\n<p><strong>III Documentos de gesti\u00f3n administrativa \u2013 Parte I<\/strong><\/p>\n<p>+ Memor\u00e1ndum.<\/p>\n<p>+ Solicitud.<\/p>\n<p>+ Correo electr\u00f3nico.<\/p>\n<p><strong>IV Documentos de gesti\u00f3n administrativa \u2013 Parte II<\/strong><\/p>\n<p>+ Oficio.<\/p>\n<p>+ Informe administrativo.<\/p>\n<div class=\"widget-title\">\n<h3>Temario<\/h3>\n<\/div>\n<p><strong>I Competencia ortogr\u00e1fica y l\u00e9xica:<\/strong><\/p>\n<p>+ Acentuaci\u00f3n general, diacr\u00edtica y enf\u00e1tica.<\/p>\n<p>+ Uso de may\u00fasculas.<\/p>\n<p>+ Signos de puntuaci\u00f3n.<\/p>\n<p>+ Uso de graf\u00edas, siglas y acr\u00f3nimos.<\/p>\n<p><strong>II Coherencia y cohesi\u00f3n textual:<\/strong><\/p>\n<p>+ Vicios idiom\u00e1ticos.<\/p>\n<p>+ Referentes textuales: an\u00e1fora, cat\u00e1fora y elipsis.<\/p>\n<p>+ Conectores l\u00f3gicos.<\/p>\n<p><strong>III Documentos de gesti\u00f3n administrativa \u2013 Parte I<\/strong><\/p>\n<p>+ Memor\u00e1ndum.<\/p>\n<p>+ Solicitud.<\/p>\n<p>+ Correo electr\u00f3nico.<\/p>\n<p><strong>IV Documentos de gesti\u00f3n administrativa \u2013 Parte II<\/strong><\/p>\n<p>+ Oficio.<\/p>\n<p>+ Informe administrativo.<\/p>\n<div class=\"widget-title\">\n<h3>Inversi\u00f3n<\/h3>\n<\/div>\n<p><strong>INVERSI\u00d3N (No incluye IGV)<\/strong><\/p>\n<p><strong>PREVENTA (Hasta 2 d\u00edas antes de iniciar el grupo):<\/strong><\/p>\n<p>+ Modalidad Presencial y Virtual: S\/ 100 soles<\/p>\n<p><em>Incluye certificado firmado por Centro de Altos Estudios Cietsi, equivalente a 60 horas lectivas, 3 cr\u00e9ditos<\/em><\/p>\n<p>Reserve su promoci\u00f3n de PREVENTA con S\/ 50 soles y el saldo el mismo d\u00eda de brindarse curso<\/p>\n<p><strong>NORMAL (Hasta el mismo d\u00eda de brindarse el curso):<\/strong><\/p>\n<p>+ Modalidad Presencial y Virtual: S\/ 150 soles<\/p>\n<p><em>Incluye certificado firmado por Centro de Altos Estudios Cietsi, equivalente a 60 horas lectivas, 3 cr\u00e9ditos<\/em><\/p>\n<p><strong>OPCIONAL:\u00a0<\/strong>Puede tambi\u00e9n certificarse con la Escuela de Posgrado de la Universidad Nacional de Trujillo y Centro de Altos Estudios Cietsi adicionando S\/ 50 Soles (60 horas lectivas, 3 cr\u00e9ditos)<\/p>\n<p><strong>Nota:<\/strong><\/p>\n<p>+ Descuento 10% en inversi\u00f3n normal para nuestros clientes, embajadores y corporativo.<\/p>\n<p><em><strong>\u00a1Capacidad Limitada en modalidad presencial!<\/strong><\/em><\/p>\n<p><strong>FORMAS DE PAGO:<\/strong><\/p>\n<p>Oficina Chiclayo: Av. S\u00e1enz Pe\u00f1a 615 (Ref. altura con Calle Mar\u00eda Izaga, centro) [Atenci\u00f3n de lunes a s\u00e1bado de 9am a 1pm y de 4pm a 8pm]<\/p>\n<p>Oficina Piura: Av. Grau 220, 2do piso (Ref. altura con Jr. Arequipa, centro) [Atenci\u00f3n de lunes a s\u00e1bado de 9am a 1pm y de 4pm a 8pm] o mediante las cuentas bancarias (<a href=\"http:\/\/cietsiperu.com\/forma-de-pago\" target=\"_blank\" rel=\"noopener noreferrer\">Clic aqu\u00ed<\/a>).<\/p>\n","protected":false},"excerpt":{"rendered":"<div class=\"mh-excerpt\"><p>CURSO DE ESPECIALIZACI\u00d3N REDACCI\u00d3N PROFESIONAL DE DOCUMENTOS OFICIALES EN LA GESTI\u00d3N P\u00daBLICA MODALIDAD PRESENCIAL CHICLAYO: Fechas de clases:\u00a018, 20, 25 y 27 de febrero de <a class=\"mh-excerpt-more\" href=\"https:\/\/cietsigubernamental.com\/blog\/curso-de-especializacion-redaccion-profesional-de-documentos-oficiales-en-la-gestion-publica-2020-1156\/\" title=\"CURSO DE ESPECIALIZACI\u00d3N REDACCI\u00d3N PROFESIONAL DE DOCUMENTOS OFICIALES EN LA GESTI\u00d3N P\u00daBLICA 2020\">[&#8230;]<\/a><\/p>\n<\/div>","protected":false},"author":1,"featured_media":1157,"comment_status":"open","ping_status":"open","sticky":false,"template":"","format":"standard","meta":{"jetpack_post_was_ever_published":false,"_jetpack_newsletter_access":"","_jetpack_dont_email_post_to_subs":false,"_jetpack_newsletter_tier_id":0,"_jetpack_memberships_contains_paywalled_content":false,"_jetpack_memberships_contains_paid_content":false,"footnotes":"","jetpack_publicize_message":"","jetpack_publicize_feature_enabled":true,"jetpack_social_post_already_shared":true,"jetpack_social_options":{"image_generator_settings":{"template":"highway","default_image_id":0,"font":"","enabled":false},"version":2}},"categories":[2,5,59,71,24,70,69,1,12],"tags":[],"class_list":["post-1156","post","type-post","status-publish","format-standard","has-post-thumbnail","hentry","category-actualidad","category-cursos-talleres-cietsi","category-cursos-talleres-gratuitos","category-diplomados","category-gestion-publica","category-gubernamental","category-ingenierias","category-sin-categoria","category-tecnologias"],"jetpack_publicize_connections":[],"jetpack_featured_media_url":"https:\/\/i0.wp.com\/cietsigubernamental.com\/blog\/wp-content\/uploads\/2020\/01\/CURSO-DE-ESPECIALIZACI%C3%93N-REDACCI%C3%93N-PROFESIONAL-DE-DOCUMENTOS-OFICIALES-EN-LA-GESTI%C3%93N-P%C3%9ABLICA-1.jpg?fit=961%2C541&ssl=1","jetpack_sharing_enabled":true,"jetpack_shortlink":"https:\/\/wp.me\/p9RxCY-iE","jetpack-related-posts":[],"_links":{"self":[{"href":"https:\/\/cietsigubernamental.com\/blog\/wp-json\/wp\/v2\/posts\/1156","targetHints":{"allow":["GET"]}}],"collection":[{"href":"https:\/\/cietsigubernamental.com\/blog\/wp-json\/wp\/v2\/posts"}],"about":[{"href":"https:\/\/cietsigubernamental.com\/blog\/wp-json\/wp\/v2\/types\/post"}],"author":[{"embeddable":true,"href":"https:\/\/cietsigubernamental.com\/blog\/wp-json\/wp\/v2\/users\/1"}],"replies":[{"embeddable":true,"href":"https:\/\/cietsigubernamental.com\/blog\/wp-json\/wp\/v2\/comments?post=1156"}],"version-history":[{"count":1,"href":"https:\/\/cietsigubernamental.com\/blog\/wp-json\/wp\/v2\/posts\/1156\/revisions"}],"predecessor-version":[{"id":1158,"href":"https:\/\/cietsigubernamental.com\/blog\/wp-json\/wp\/v2\/posts\/1156\/revisions\/1158"}],"wp:featuredmedia":[{"embeddable":true,"href":"https:\/\/cietsigubernamental.com\/blog\/wp-json\/wp\/v2\/media\/1157"}],"wp:attachment":[{"href":"https:\/\/cietsigubernamental.com\/blog\/wp-json\/wp\/v2\/media?parent=1156"}],"wp:term":[{"taxonomy":"category","embeddable":true,"href":"https:\/\/cietsigubernamental.com\/blog\/wp-json\/wp\/v2\/categories?post=1156"},{"taxonomy":"post_tag","embeddable":true,"href":"https:\/\/cietsigubernamental.com\/blog\/wp-json\/wp\/v2\/tags?post=1156"}],"curies":[{"name":"wp","href":"https:\/\/api.w.org\/{rel}","templated":true}]}}