{"id":111,"date":"2015-08-08T17:39:03","date_gmt":"2015-08-08T17:39:03","guid":{"rendered":"http:\/\/cietsigubernamental.com\/blog\/?p=111"},"modified":"2015-08-08T17:51:49","modified_gmt":"2015-08-08T17:51:49","slug":"memoria-del-seminario-modernizacion-de-la-gestion-publica-en-el-peru","status":"publish","type":"post","link":"https:\/\/cietsigubernamental.com\/blog\/memoria-del-seminario-modernizacion-de-la-gestion-publica-en-el-peru-111\/","title":{"rendered":"Memoria del Seminario: Modernizaci\u00f3n de la gesti\u00f3n p\u00fablica en el Per\u00fa"},"content":{"rendered":"<p>S\u00edntesis de las ponencias de los especialistas nacionales e internacionales presentes en el Seminario Internacional sobre Modernizaci\u00f3n de la Gesti\u00f3n P\u00fablica. El evento organizado por la Secretaria de Gesti\u00f3n P\u00fablica de la Presidencia del Consejo de Ministros, GIZ, Banco Mundial y Banco Interamericano de Desarrollo, se realiz\u00f3 en Julio del 2012.<\/p>\n<p><a href=\"http:\/\/www.gobernabilidad.org.pe\/buen_gobierno\/galleries\/198749029_055-Memoria%20Seminario%20Modernizacion.pdf\" target=\"_blank\">DESCARGAR AQU\u00cd<\/a><\/p>\n","protected":false},"excerpt":{"rendered":"<div class=\"mh-excerpt\"><p>S\u00edntesis de las ponencias de los especialistas nacionales e internacionales presentes en el Seminario Internacional sobre Modernizaci\u00f3n de la Gesti\u00f3n P\u00fablica. El evento organizado por <a class=\"mh-excerpt-more\" href=\"https:\/\/cietsigubernamental.com\/blog\/memoria-del-seminario-modernizacion-de-la-gestion-publica-en-el-peru-111\/\" title=\"Memoria del Seminario: Modernizaci\u00f3n de la gesti\u00f3n p\u00fablica en el Per\u00fa\">[&#8230;]<\/a><\/p>\n<\/div>","protected":false},"author":1,"featured_media":119,"comment_status":"open","ping_status":"open","sticky":false,"template":"","format":"standard","meta":{"jetpack_post_was_ever_published":false,"_jetpack_newsletter_access":"","_jetpack_dont_email_post_to_subs":false,"_jetpack_newsletter_tier_id":0,"_jetpack_memberships_contains_paywalled_content":false,"_jetpack_memberships_contains_paid_content":false,"footnotes":"","jetpack_publicize_message":"","jetpack_publicize_feature_enabled":true,"jetpack_social_post_already_shared":false,"jetpack_social_options":{"image_generator_settings":{"template":"highway","default_image_id":0,"font":"","enabled":false},"version":2}},"categories":[24],"tags":[],"class_list":["post-111","post","type-post","status-publish","format-standard","has-post-thumbnail","hentry","category-gestion-publica"],"jetpack_publicize_connections":[],"jetpack_featured_media_url":"https:\/\/i0.wp.com\/cietsigubernamental.com\/blog\/wp-content\/uploads\/2015\/08\/MODERNIZACION-DE-LA-GESTION-PUBLICA1.jpg?fit=3344%2C2077&ssl=1","jetpack_sharing_enabled":true,"jetpack_shortlink":"https:\/\/wp.me\/p9RxCY-1N","jetpack-related-posts":[],"_links":{"self":[{"href":"https:\/\/cietsigubernamental.com\/blog\/wp-json\/wp\/v2\/posts\/111","targetHints":{"allow":["GET"]}}],"collection":[{"href":"https:\/\/cietsigubernamental.com\/blog\/wp-json\/wp\/v2\/posts"}],"about":[{"href":"https:\/\/cietsigubernamental.com\/blog\/wp-json\/wp\/v2\/types\/post"}],"author":[{"embeddable":true,"href":"https:\/\/cietsigubernamental.com\/blog\/wp-json\/wp\/v2\/users\/1"}],"replies":[{"embeddable":true,"href":"https:\/\/cietsigubernamental.com\/blog\/wp-json\/wp\/v2\/comments?post=111"}],"version-history":[{"count":1,"href":"https:\/\/cietsigubernamental.com\/blog\/wp-json\/wp\/v2\/posts\/111\/revisions"}],"predecessor-version":[{"id":113,"href":"https:\/\/cietsigubernamental.com\/blog\/wp-json\/wp\/v2\/posts\/111\/revisions\/113"}],"wp:featuredmedia":[{"embeddable":true,"href":"https:\/\/cietsigubernamental.com\/blog\/wp-json\/wp\/v2\/media\/119"}],"wp:attachment":[{"href":"https:\/\/cietsigubernamental.com\/blog\/wp-json\/wp\/v2\/media?parent=111"}],"wp:term":[{"taxonomy":"category","embeddable":true,"href":"https:\/\/cietsigubernamental.com\/blog\/wp-json\/wp\/v2\/categories?post=111"},{"taxonomy":"post_tag","embeddable":true,"href":"https:\/\/cietsigubernamental.com\/blog\/wp-json\/wp\/v2\/tags?post=111"}],"curies":[{"name":"wp","href":"https:\/\/api.w.org\/{rel}","templated":true}]}}