{"id":1087,"date":"2019-10-31T16:26:36","date_gmt":"2019-10-31T16:26:36","guid":{"rendered":"https:\/\/cietsigubernamental.com\/blog\/?p=1087"},"modified":"2019-10-31T16:26:36","modified_gmt":"2019-10-31T16:26:36","slug":"curso-de-especializacion-gestion-documental-y-archivistica-2019-2","status":"publish","type":"post","link":"https:\/\/cietsigubernamental.com\/blog\/curso-de-especializacion-gestion-documental-y-archivistica-2019-2-1087\/","title":{"rendered":"CURSO DE ESPECIALIZACI\u00d3N GESTI\u00d3N DOCUMENTAL Y ARCHIV\u00cdSTICA 2019"},"content":{"rendered":"<p><strong>CURSO DE ESPECIALIZACI\u00d3N GESTI\u00d3N DOCUMENTAL Y ARCHIV\u00cdSTICA<\/strong><\/p>\n<p><strong>MODALIDAD PRESENCIAL CHICLAYO<\/strong><\/p>\n<p><strong>Fechas de clases:<\/strong>\u00a021, 23 octubre y 4, 6 noviembre de 2019<\/p>\n<p><strong>Horario:<\/strong>\u00a06:00pm a 9:00pm<\/p>\n<p><strong>Lugar:<\/strong>\u00a0Av. S\u00e1enz Pe\u00f1a 615, Chiclayo (Referencia: Altura con Ca. Mar\u00eda Izaga)<\/p>\n<p><strong>MODALIDAD PRESENCIAL PIURA<\/strong><\/p>\n<p><strong>Fechas de clases:<\/strong>\u00a016 y 17 noviembre de 2019<\/p>\n<p><strong>Horario:<\/strong>\u00a08:00am a 2:00pm<\/p>\n<p><strong>Lugar:<\/strong>\u00a0Av. Grau 220, 2do piso, Piura (Referencia: Altura con Jr. Arequipa, centro de Piura)<\/p>\n<p><strong>MODALIDAD VIRTUAL:<\/strong><\/p>\n<p>Transmitiremos en vivo la clase presencial, en caso no est\u00e9 conectado las clases quedar\u00e1n grabadas en nuestro campus virtual y estar\u00e1n disponibles las 24 horas del d\u00eda, acceso ilimitado.<\/p>\n<div class=\"widget-title\">\n<h3>Dirigido<\/h3>\n<\/div>\n<p>+ Secretarias y asistentes administrativos.<\/p>\n<p>+ Personal que labora en Oficinas de Tramite Documentarlo y Gesti\u00f3n Documental.<\/p>\n<p>+ Personal que labora en diversos tipos de archivos.<\/p>\n<p>+ Docentes de todos los niveles educativos.<\/p>\n<p>+ Profesionales de las \u00e1reas de Administraci\u00f3n, Ciencias Sociales, Pol\u00edticas, Contables, etc.<\/p>\n<p>+ Personal que labora en empresas p\u00fablicas y privadas.<\/p>\n<p>+ Especialistas en inform\u00e1tica.<\/p>\n<p>+ P\u00fablico en general.<\/p>\n<div class=\"widget-title\">\n<h3>Objetivos<\/h3>\n<\/div>\n<p>Al final del curso, el participante lograr\u00e1:<\/p>\n<p>+ Conocer que el sistema de Tramite Documentario y Gesti\u00f3n Documental, son sistemas muy importantes en la instituci\u00f3n u organizaci\u00f3n. Que su aplicaci\u00f3n es frecuente y obligatorio al iniciar la solicitud de un bien o servicio, es decir al generar documentos como al recibirlos.<\/p>\n<p>+ Conocer\u00e1 aspectos importantes sobre Archiv\u00edstica, Legislaci\u00f3n o Normatividad y Documentaci\u00f3n, indispensables para la buena Administraci\u00f3n de Archivos, tanto p\u00fablica como privada.<\/p>\n<div class=\"widget-title\">\n<h3>Temario<\/h3>\n<\/div>\n<p><strong>M\u00d3DULO I<\/strong><\/p>\n<p>1.1. El Tramite Documentario.<\/p>\n<p>+ Conceptos.<\/p>\n<p>+ Denominaciones.<\/p>\n<p>+ Tipos.<\/p>\n<p>+ Pol\u00edtica \u201cCero Papel\u201d.<\/p>\n<p>1.2. La Gesti\u00f3n Documental.<\/p>\n<p>+ Concepto.<\/p>\n<p>+ Desarrollo.<\/p>\n<p>+ Fases.<\/p>\n<p><strong>M\u00d3DULO II<\/strong><\/p>\n<p>2.1. Tecnolog\u00eda de la Informaci\u00f3n.<\/p>\n<p>2.2. Del Soporte Papel al Electr\u00f3nico.<\/p>\n<p>2.3. Las Nuevas Tecnolog\u00edas y su Aplicaci\u00f3n a la Gesti\u00f3n Documental.<\/p>\n<p>2.4. Gobierno Electr\u00f3nico.<\/p>\n<p>2.5. Digitalizaci\u00f3n de Documentos.<\/p>\n<p><strong>M\u00d3DULO III<\/strong><\/p>\n<p>3.1. El Sistema Nacional de Archivos:<\/p>\n<p>+ Integrantes.<\/p>\n<p>+ Finalidad.<\/p>\n<p>+ Objetivos.<\/p>\n<p>3.2. Legislaci\u00f3n Archiv\u00edstica.<\/p>\n<p>3.3. Normas Actualizadas de Transferencia Documental.<\/p>\n<p>3.4. Normas Actualizadas de Eliminaci\u00f3n Documental.<\/p>\n<p><strong>M\u00d3DULO IV<\/strong><\/p>\n<p>4.1. El Proceso de Selecci\u00f3n Documental.<\/p>\n<p>4.2. \u00bfQu\u00e9 es la selecci\u00f3n documental?<\/p>\n<p>+ Relaci\u00f3n de la Selecci\u00f3n Archiv\u00edstica.<\/p>\n<p>+ Metodolog\u00eda de la Selecci\u00f3n.<\/p>\n<p>4.3. Valoraci\u00f3n Documental.<\/p>\n<p>+ Valor de los Documentos.<\/p>\n<p>+ Valor Temporal.<\/p>\n<p>+ Valor Permanente.<\/p>\n<p>+ Valoraci\u00f3n de las Series documentales.<\/p>\n<div class=\"widget-title\">\n<h3>\u00a0Ponente<\/h3>\n<\/div>\n<p><strong>Lic. Ada Gabriela Llu\u00e9n Ju\u00e1rez<\/strong><\/p>\n<p>Licenciada en Sociolog\u00eda por la Universidad Nacional \u201cPedro Ruiz Gallo\u201d \u2013 Lambayeque,<\/p>\n<p>Jefa de Archivo Regional de Lambayeque.<\/p>\n<p>Presidenta de la Comisi\u00f3n T\u00e9cnica Regional de Archivos \u2013 CTRA, de la Regi\u00f3n Lambayeque.<\/p>\n<p>Especialista en Archivos Hist\u00f3ricos y Administrativos.<\/p>\n<p><strong>INVERSI\u00d3N:<\/strong><\/p>\n<p><strong>PREVENTA (Hasta 7 d\u00edas antes de iniciar el grupo):<\/strong><\/p>\n<p>+ Modalidad Presencial y virtual: S\/ 100 soles<\/p>\n<p><em>Incluye certificado firmado por Centro de Altos Estudios Cietsi, equivalente a 60 horas lectivas, 3 cr\u00e9ditos<\/em><\/p>\n<p><em>Reserve su promoci\u00f3n de PREVENTA con el 50% y el saldo el mismo d\u00eda del curso<\/em><\/p>\n<p><strong>NORMAL (Hasta el mismo d\u00eda de brindarse el curso):<\/strong><\/p>\n<p>+ Modalidad Presencial y virtual: S\/ 150 soles<\/p>\n<p><em>Incluye certificado firmado por Centro de Altos Estudios Cietsi, equivalente a 60 horas lectivas, 3 cr\u00e9ditos<\/em><\/p>\n<p><strong>Nota:<\/strong><\/p>\n<p>+ Puede tambi\u00e9n certificarse adicionando: S\/ 30 soles con el Colegio de Licenciados en Administraci\u00f3n Regi\u00f3n Lambayeque o S\/ 40 soles con la Escuela de Posgrado de la Universidad Nacional de Trujillo.<\/p>\n<p>+ Descuento del 5% en preventa y 10% en inversi\u00f3n normal para nuestros clientes, embajadores y corporativo<\/p>\n<p>+ Para env\u00edo a domicilio, consultar costos por interno.<\/p>\n<p><strong>Para participar del CURSO DE ESPECIALIZACI\u00d3N:<\/strong><\/p>\n<ul>\n<li>Dejar sus datos (<a href=\"https:\/\/docs.google.com\/forms\/d\/e\/1FAIpQLSdJXQeutDkSxHFa0STkSsIVLEI9m7dcE2aCMapIMxx7vl8U_w\/viewform\" target=\"_blank\" rel=\"noopener noreferrer\">Clic aqu\u00ed: http:\/\/bit.ly\/CGDocumental<\/a>) o en\u00a0<strong>PRE-INSCRIPCI\u00d3N<\/strong>\u00a0(Ubicar en la parte inferior de esta p\u00e1gina)<\/li>\n<li>Oficinas Cietsi: Av. S\u00e1enz Pe\u00f1a 615, Chiclayo; Av. Grau 220, 2do piso, Piura<\/li>\n<li>Tel\u00e9fonos: (074) 637020, (073) 630855<\/li>\n<li>Tambi\u00e9n puede enviarnos sus datos por Celular\/WhatsApp: 956272261, 968059963<\/li>\n<\/ul>\n<p><em><strong>\u00a1Capacidad Limitada en modalidad presencial!<\/strong><\/em><\/p>\n","protected":false},"excerpt":{"rendered":"<div class=\"mh-excerpt\"><p>CURSO DE ESPECIALIZACI\u00d3N GESTI\u00d3N DOCUMENTAL Y ARCHIV\u00cdSTICA MODALIDAD PRESENCIAL CHICLAYO Fechas de clases:\u00a021, 23 octubre y 4, 6 noviembre de 2019 Horario:\u00a06:00pm a 9:00pm Lugar:\u00a0Av. <a class=\"mh-excerpt-more\" href=\"https:\/\/cietsigubernamental.com\/blog\/curso-de-especializacion-gestion-documental-y-archivistica-2019-2-1087\/\" title=\"CURSO DE ESPECIALIZACI\u00d3N GESTI\u00d3N DOCUMENTAL Y ARCHIV\u00cdSTICA 2019\">[&#8230;]<\/a><\/p>\n<\/div>","protected":false},"author":1,"featured_media":1088,"comment_status":"open","ping_status":"open","sticky":false,"template":"","format":"standard","meta":{"jetpack_post_was_ever_published":false,"_jetpack_newsletter_access":"","_jetpack_dont_email_post_to_subs":false,"_jetpack_newsletter_tier_id":0,"_jetpack_memberships_contains_paywalled_content":false,"_jetpack_memberships_contains_paid_content":false,"footnotes":"","jetpack_publicize_message":"","jetpack_publicize_feature_enabled":true,"jetpack_social_post_already_shared":true,"jetpack_social_options":{"image_generator_settings":{"template":"highway","default_image_id":0,"font":"","enabled":false},"version":2}},"categories":[2,5,59,70,1,12],"tags":[],"class_list":["post-1087","post","type-post","status-publish","format-standard","has-post-thumbnail","hentry","category-actualidad","category-cursos-talleres-cietsi","category-cursos-talleres-gratuitos","category-gubernamental","category-sin-categoria","category-tecnologias"],"jetpack_publicize_connections":[],"jetpack_featured_media_url":"https:\/\/i0.wp.com\/cietsigubernamental.com\/blog\/wp-content\/uploads\/2019\/10\/CURSO-DE-ESPECIALIZACI%C3%93N-GESTI%C3%93N-DOCUMENTAL-Y-ARCHIV%C3%8DSTICA-3.jpg?fit=961%2C541&ssl=1","jetpack_sharing_enabled":true,"jetpack_shortlink":"https:\/\/wp.me\/p9RxCY-hx","jetpack-related-posts":[],"_links":{"self":[{"href":"https:\/\/cietsigubernamental.com\/blog\/wp-json\/wp\/v2\/posts\/1087","targetHints":{"allow":["GET"]}}],"collection":[{"href":"https:\/\/cietsigubernamental.com\/blog\/wp-json\/wp\/v2\/posts"}],"about":[{"href":"https:\/\/cietsigubernamental.com\/blog\/wp-json\/wp\/v2\/types\/post"}],"author":[{"embeddable":true,"href":"https:\/\/cietsigubernamental.com\/blog\/wp-json\/wp\/v2\/users\/1"}],"replies":[{"embeddable":true,"href":"https:\/\/cietsigubernamental.com\/blog\/wp-json\/wp\/v2\/comments?post=1087"}],"version-history":[{"count":1,"href":"https:\/\/cietsigubernamental.com\/blog\/wp-json\/wp\/v2\/posts\/1087\/revisions"}],"predecessor-version":[{"id":1089,"href":"https:\/\/cietsigubernamental.com\/blog\/wp-json\/wp\/v2\/posts\/1087\/revisions\/1089"}],"wp:featuredmedia":[{"embeddable":true,"href":"https:\/\/cietsigubernamental.com\/blog\/wp-json\/wp\/v2\/media\/1088"}],"wp:attachment":[{"href":"https:\/\/cietsigubernamental.com\/blog\/wp-json\/wp\/v2\/media?parent=1087"}],"wp:term":[{"taxonomy":"category","embeddable":true,"href":"https:\/\/cietsigubernamental.com\/blog\/wp-json\/wp\/v2\/categories?post=1087"},{"taxonomy":"post_tag","embeddable":true,"href":"https:\/\/cietsigubernamental.com\/blog\/wp-json\/wp\/v2\/tags?post=1087"}],"curies":[{"name":"wp","href":"https:\/\/api.w.org\/{rel}","templated":true}]}}