{"id":1084,"date":"2019-10-31T13:21:00","date_gmt":"2019-10-31T13:21:00","guid":{"rendered":"https:\/\/cietsigubernamental.com\/blog\/?p=1084"},"modified":"2019-10-31T13:21:00","modified_gmt":"2019-10-31T13:21:00","slug":"curso-especializado-sistema-integrado-de-gestion-administrativa-siga-mef-noviembre-2019","status":"publish","type":"post","link":"https:\/\/cietsigubernamental.com\/blog\/curso-especializado-sistema-integrado-de-gestion-administrativa-siga-mef-noviembre-2019-1084\/","title":{"rendered":"CURSO ESPECIALIZADO SISTEMA INTEGRADO DE GESTI\u00d3N ADMINISTRATIVA SIGA MEF NOVIEMBRE 2019"},"content":{"rendered":"<p><strong><em>CURSO ESPECIALIZADO SISTEMA INTEGRADO DE GESTI\u00d3N ADMINISTRATIVA SIGA MEF<\/em><\/strong><\/p>\n<p><strong><em>Actualizado con\u00a0<\/em><\/strong><strong><em>los cambios que ha implementado el Decreto Legislativo N\u00b0 1439 del Sistema Nacional de Abastecimiento, el Decreto Legislativo N\u00b0 1444, que modifica la Ley N\u00b0 30225 y el Decreto Supremo N\u00b0 344-2018-EF, que modifica el Reglamento de la Ley N\u00b0 30225<\/em><\/strong><\/p>\n<p><strong>MODALIDAD PRESENCIAL PIURA:<\/strong><\/p>\n<p><strong>Inicio:<\/strong>\u00a0s\u00e1bado 2 de noviembre de 2019<\/p>\n<p><strong>Fechas de clases:<\/strong>\u00a02, 16, 30 noviembre de 2019 de 3:00pm a 8:00pm<\/p>\n<p><strong>Lugar:\u00a0<\/strong>Laboratorio de Computo Cietsi Piura (Av. Grau 220, 2do piso, centro de Piura)<\/p>\n<p><strong>MODALIDAD PRESENCIAL CHICLAYO:<\/strong><\/p>\n<p><strong>Inicio:<\/strong>\u00a0s\u00e1bado 9 de noviembre de 2019<\/p>\n<p><strong>Fechas de clases:<\/strong>\u00a09, 16, 23 noviembre de 2019 de 9:00a a 2:00pm<\/p>\n<p><strong>Lugar:\u00a0<\/strong>Laboratorio de Computo Cietsi Chiclayo (Av. S\u00e1enz Pe\u00f1a 615, centro de Chiclayo)<\/p>\n<p><strong>MODALIDAD VIRTUAL<\/strong><\/p>\n<p>A nivel nacional, se puede ver online\/offline en nuestro nuevo campus virtual Cietsi<\/p>\n<div class=\"widget-title\">\n<h3>Dirigido<\/h3>\n<\/div>\n<p>+ Profesionales en general que laboren o deseen laborar para el sector p\u00fablico como administradores, economistas, ingenieros, contadores y afines.<\/p>\n<p>+ Estudiantes y p\u00fablico en general que desee especializarse en el Sistema Integrado de Gesti\u00f3n Administrativa del Ministerio de Econom\u00eda y Finanzas \u00abSIGA MEF\u00bb.<\/p>\n<div class=\"widget-title\">\n<h3>Objetivos<\/h3>\n<\/div>\n<p>+ Brindar una capacitaci\u00f3n paso a paso para el uso y manejo del SIGA MEF, que son requisitos obligatorios por las personas que trabajan en las \u00e1reas de Administraci\u00f3n, Presupuesto, Log\u00edstica, Contabilidad, Tesorer\u00eda.<\/p>\n<p>+ Se brindar\u00e1 los conocimientos te\u00f3ricos y pr\u00e1cticos sobre la normativa, importancia y uso del Sistema Integrado de Gesti\u00f3n Administrativa del Ministerio de Econom\u00eda y Finanzas (SIGA MEF) en su \u00faltima versi\u00f3n.<\/p>\n<p><strong>TEMARIO SIGA-MEF<\/strong><\/p>\n<p><strong>EL SIGA Y SU IMPORTANCIA EN LA GESTI\u00d3N LOG\u00cdSTICA<\/strong><\/p>\n<p>+ Qu\u00e9 es el SIGA.<\/p>\n<p>+ Quienes usan el SIGA.<\/p>\n<p>+ Porqu\u00e9 es importante el SIGA.<\/p>\n<p>+ M\u00f3dulos de SIGA.<\/p>\n<p>+ Procesos del SIGA.<\/p>\n<p>+ Beneficios del uso del SIGA.<\/p>\n<p>+ La Gesti\u00f3n P\u00fablica despu\u00e9s del SIGA.<\/p>\n<p>+ Relaci\u00f3n con otros sistemas.<\/p>\n<p>+ Cu\u00e1les son las ventajas del SIGA.<\/p>\n<p>+ Decreto Legislativo N\u00b0 1439 \u2013 Direcci\u00f3n General de Abastecimiento del MEF.<\/p>\n<p>+ El SIGA y su relaci\u00f3n con Plan Estrat\u00e9gico.<\/p>\n<p>+ M\u00f3dulo Configuraci\u00f3n.<\/p>\n<p>+ Cat\u00e1logo de Bienes y Servicios.<\/p>\n<p>+ Registro de Informaci\u00f3n en las Tablas principales del SIGA-MEF.<\/p>\n<p>+ Carga Inicial de Metas aprobadas 2019 seg\u00fan SIAF.<\/p>\n<p><strong>CONOCIENDO EL PROCESO DE ELABORACI\u00d3N DE REQUERIMIENTOS<\/strong><\/p>\n<p>+ Elaboraci\u00f3n de Requerimientos de Bienes y Servicios con la aplicaci\u00f3n de la ley de contrataciones 30225.<\/p>\n<p>+ Como Elaborar un requerimiento y articularlo con las Actividades del Plan Operativo Institucional.<\/p>\n<p>+ Autorizaci\u00f3n de Pedidos.<\/p>\n<p>+ Seguimiento de Pedidos.<\/p>\n<p><strong>CONOCIENDO LA IMPORTANCIA DEL REGISTRO DEL ESTUDIO DE MERCADO Y LA CERTIFICACI\u00d3N SIGA Y SU INTERFACE AL SIAF.<\/strong><\/p>\n<p>+ Caso pr\u00e1ctico: Generaci\u00f3n del Plan Anual de Obtenci\u00f3n (PAO).<\/p>\n<p>+ Registro de las etapas de Estudio de Mercado el c\u00e1lculo del Valor Referencial.<\/p>\n<p>+ Generar la Certificaci\u00f3n SIGA y su interfase al SIAF.<\/p>\n<p><strong>PROCEDIMIENTO PARA REGISTRAR LA ORDEN DE COMPRA\/SERVICIO, SU INTERFASE AL SIAF<\/strong><\/p>\n<p>+ Caso pr\u00e1ctico: Generaci\u00f3n de la Orden de Compra y Servicio.<\/p>\n<p>+ Registro de la Interfase del Compromiso anual y mensual.<\/p>\n<p>+ Registro de la Conformidad de la Orden de Servicio.<\/p>\n<p><strong>CONOCIENDO EL PROCEDIMIENTO PARA REGISTRAR CONTRATOS PROVENIENTES DEL PAO<\/strong><\/p>\n<p>+ Caso pr\u00e1ctico: Generaci\u00f3n de Contratos con F5 asociados a un PAO.<\/p>\n<p>+ Compromiso de Contratos y generaci\u00f3n de Cronograma de Contrato.<\/p>\n<p>+ Registro de Interfase de Compromiso Anual de Contrato.<\/p>\n<p>+ Generaci\u00f3n de la Orden de Compra y Servicio.<\/p>\n<p>+ Interfase del Compromiso Mensual de las \u00d3rdenes de Compra y Servicio.<\/p>\n<p><strong>CONOCIENDO EL PROCESO DE ALMACENAJE Y EL REGISTRO DEL INVENTARIO INICIAL DE PATRIMONIO 2019<\/strong><\/p>\n<p>+ Registro de bienes al Almac\u00e9n.<\/p>\n<p>+ Proceso de elaboraci\u00f3n de PECOSA.<\/p>\n<p><strong>REGISTRO DEL INVENTARIO INICIAL DE PATRIMONIO 2019<\/strong><\/p>\n<p>+ Caso pr\u00e1ctico: Aplicaci\u00f3n de la Directiva 005-2016- EF-51.01.<\/p>\n<p>+ Registro de las Ubicaciones F\u00edsicas.<\/p>\n<p>+ Registro manual del Inventario Inicial de Patrimonio 2019 y cierre del Inventario Inicial 2019.<\/p>\n<p><strong>INVERSI\u00d3N:<\/strong><\/p>\n<p>+ Modalidad presencial: S\/ 300 Soles.<\/p>\n<p>+ Modalidad virtual: S\/ 150 Soles.<\/p>\n<p>Incluye certificado firmado por Centro de Altos Estudios Cietsi, equivalente a 100 horas lectivas, 6 cr\u00e9ditos.<\/p>\n<p><strong>Opcional:<\/strong>\u00a0S\/ 50 Soles, firmado por el Colegio de Licenciados en Administraci\u00f3n Regi\u00f3n Lambayeque y Centro de Altos Estudios Cietsi, equivalente a 100 horas lectivas.<\/p>\n<p><strong>Para participar del CURSO TALLER:<\/strong><\/p>\n<ul>\n<li>Dejar sus datos (<a href=\"https:\/\/docs.google.com\/forms\/d\/e\/1FAIpQLScD1r8cBgLVAKXJsWEv4UyBePjNSl_0-0sf6zNO2i-Z1o4_wQ\/viewform\" target=\"_blank\" rel=\"noopener noreferrer\">Clic aqu\u00ed: http:\/\/bit.ly\/FCursoSIGAMef<\/a>) o en\u00a0<strong>PRE-INSCRIPCI\u00d3N<\/strong>\u00a0(Ubicar en la parte inferior de esta p\u00e1gina)<\/li>\n<li>Oficinas Cietsi: Av. S\u00e1enz Pe\u00f1a 615, Chiclayo; Av. Grau 220, 2do piso, Piura<\/li>\n<li>Tel\u00e9fonos: (074) 637020, (073) 630855<\/li>\n<li>Tambi\u00e9n puede enviarnos sus datos por Celular\/WhatsApp: 956272261, 968059963<\/li>\n<\/ul>\n<p><strong><em>\u00a1CAPACIDAD LIMITADA EN MODALIDAD PRESENCIAL!<\/em>\u00a0<\/strong><\/p>\n<p><strong>FORMAS DE PAGO:<\/strong><\/p>\n<p>Oficina Chiclayo: Av. S\u00e1enz Pe\u00f1a 615 (Ref. altura con Calle Mar\u00eda Izaga) [Atenci\u00f3n de lunes a s\u00e1bado de 9am a 1pm y de 4pm a 8pm]<\/p>\n<p>Oficina Piura: Av. Grau 220, 2do piso (Ref. altura con Jr. Arequipa) [Atenci\u00f3n de lunes a s\u00e1bado de 9am a 1pm y de 4pm a 8pm] o mediante las cuentas bancarias (<a href=\"http:\/\/cietsiperu.com\/forma-de-pago\" target=\"_blank\" rel=\"noopener noreferrer\">Clic aqu\u00ed<\/a>)<\/p>\n<p><strong>Informes y consultas<\/strong><\/p>\n<p>(074) 637020, (073) 630855, WhatsApp: 968059963, 956272261, informes@cietsiperu.com, www.cietsiperu.com<\/p>\n","protected":false},"excerpt":{"rendered":"<div class=\"mh-excerpt\"><p>CURSO ESPECIALIZADO SISTEMA INTEGRADO DE GESTI\u00d3N ADMINISTRATIVA SIGA MEF Actualizado con\u00a0los cambios que ha implementado el Decreto Legislativo N\u00b0 1439 del Sistema Nacional de Abastecimiento, <a class=\"mh-excerpt-more\" href=\"https:\/\/cietsigubernamental.com\/blog\/curso-especializado-sistema-integrado-de-gestion-administrativa-siga-mef-noviembre-2019-1084\/\" title=\"CURSO ESPECIALIZADO SISTEMA INTEGRADO DE GESTI\u00d3N ADMINISTRATIVA SIGA MEF NOVIEMBRE 2019\">[&#8230;]<\/a><\/p>\n<\/div>","protected":false},"author":1,"featured_media":1085,"comment_status":"open","ping_status":"open","sticky":false,"template":"","format":"standard","meta":{"jetpack_post_was_ever_published":false,"_jetpack_newsletter_access":"","_jetpack_dont_email_post_to_subs":false,"_jetpack_newsletter_tier_id":0,"_jetpack_memberships_contains_paywalled_content":false,"_jetpack_memberships_contains_paid_content":false,"footnotes":"","jetpack_publicize_message":"","jetpack_publicize_feature_enabled":true,"jetpack_social_post_already_shared":true,"jetpack_social_options":{"image_generator_settings":{"template":"highway","default_image_id":0,"font":"","enabled":false},"version":2}},"categories":[2,5,59,71,24,70,69,1,12],"tags":[],"class_list":["post-1084","post","type-post","status-publish","format-standard","has-post-thumbnail","hentry","category-actualidad","category-cursos-talleres-cietsi","category-cursos-talleres-gratuitos","category-diplomados","category-gestion-publica","category-gubernamental","category-ingenierias","category-sin-categoria","category-tecnologias"],"jetpack_publicize_connections":[],"jetpack_featured_media_url":"https:\/\/i0.wp.com\/cietsigubernamental.com\/blog\/wp-content\/uploads\/2019\/10\/CURSO-SIGA-MEF-NOVIEMBRE-2019-2.jpg?fit=961%2C541&ssl=1","jetpack_sharing_enabled":true,"jetpack_shortlink":"https:\/\/wp.me\/p9RxCY-hu","jetpack-related-posts":[],"_links":{"self":[{"href":"https:\/\/cietsigubernamental.com\/blog\/wp-json\/wp\/v2\/posts\/1084","targetHints":{"allow":["GET"]}}],"collection":[{"href":"https:\/\/cietsigubernamental.com\/blog\/wp-json\/wp\/v2\/posts"}],"about":[{"href":"https:\/\/cietsigubernamental.com\/blog\/wp-json\/wp\/v2\/types\/post"}],"author":[{"embeddable":true,"href":"https:\/\/cietsigubernamental.com\/blog\/wp-json\/wp\/v2\/users\/1"}],"replies":[{"embeddable":true,"href":"https:\/\/cietsigubernamental.com\/blog\/wp-json\/wp\/v2\/comments?post=1084"}],"version-history":[{"count":1,"href":"https:\/\/cietsigubernamental.com\/blog\/wp-json\/wp\/v2\/posts\/1084\/revisions"}],"predecessor-version":[{"id":1086,"href":"https:\/\/cietsigubernamental.com\/blog\/wp-json\/wp\/v2\/posts\/1084\/revisions\/1086"}],"wp:featuredmedia":[{"embeddable":true,"href":"https:\/\/cietsigubernamental.com\/blog\/wp-json\/wp\/v2\/media\/1085"}],"wp:attachment":[{"href":"https:\/\/cietsigubernamental.com\/blog\/wp-json\/wp\/v2\/media?parent=1084"}],"wp:term":[{"taxonomy":"category","embeddable":true,"href":"https:\/\/cietsigubernamental.com\/blog\/wp-json\/wp\/v2\/categories?post=1084"},{"taxonomy":"post_tag","embeddable":true,"href":"https:\/\/cietsigubernamental.com\/blog\/wp-json\/wp\/v2\/tags?post=1084"}],"curies":[{"name":"wp","href":"https:\/\/api.w.org\/{rel}","templated":true}]}}