{"id":1066,"date":"2019-10-05T01:11:32","date_gmt":"2019-10-05T01:11:32","guid":{"rendered":"http:\/\/cietsigubernamental.com\/blog\/?p=1066"},"modified":"2019-10-16T15:35:59","modified_gmt":"2019-10-16T15:35:59","slug":"curso-especializado-gestion-estrategica-de-la-capacitacion-y-desarrollo-del-talento-humano","status":"publish","type":"post","link":"https:\/\/cietsigubernamental.com\/blog\/curso-especializado-gestion-estrategica-de-la-capacitacion-y-desarrollo-del-talento-humano-1066\/","title":{"rendered":"CURSO ESPECIALIZADO GESTI\u00d3N ESTRAT\u00c9GICA DE LA CAPACITACI\u00d3N Y DESARROLLO DEL TALENTO HUMANO"},"content":{"rendered":"<p><strong>MODALIDAD PRESENCIAL CHICLAYO<\/strong><\/p>\n<p><strong>Fecha:<\/strong>\u00a0s\u00e1bado 12 de octubre de 2019<\/p>\n<p><strong>Horario:<\/strong>\u00a04:00pm a 9:00pm<\/p>\n<p><strong>Lugar:<\/strong>\u00a0Av. Sa\u00e9nz Pe\u00f1a 615, Chiclayo (Ref. Altura con Calle Mar\u00eda Izaga, centro Chiclayo)<\/p>\n<p><strong>MODALIDAD VIRTUAL A NIVEL NACIONAL E INTERNACIONAL<\/strong><\/p>\n<p>Transmitiremos en vivo las clases y quedar\u00e1n grabadas en nuestro nuevo campus virtual Cietsi<\/p>\n<p>Ponente: Mg. Psic. Jessica Tacanga Montes (Jefa de Gesti\u00f3n Acad\u00e9mica en ZEGEL IPAE)<\/p>\n<div class=\"widget-title\">\n<h3><i class=\"fa fa-laptop\"><\/i>Dirigido<\/h3>\n<\/div>\n<p>+ A todas las personas que laboran en el \u00e1rea de recursos humanos o est\u00e9n interesadas en generar un valor agregado que les permita obtener una ventaja competitiva en su empresa, a partir de la administraci\u00f3n eficaz y eficiente del potencial humano que busca liderar.<\/p>\n<p>+ Estudiantes y P\u00fablico interesado.<\/p>\n<div class=\"widget-title\">\n<h3>Objetivos<\/h3>\n<\/div>\n<p>Los participantes estar\u00e1n en la capacidad de utilizar las herramientas clave para la construir planes de capacitaci\u00f3n efectivos en cualquier tipo de contexto organizacional.<\/p>\n<div class=\"widget-title\">\n<h3>Temario<\/h3>\n<\/div>\n<p>+ Gesti\u00f3n Estrat\u00e9gica de la Capacitaci\u00f3n.<\/p>\n<p>+ Diagn\u00f3stico de Necesidades de Capacitaci\u00f3n.<\/p>\n<p>+ Plan de Capacitaci\u00f3n Anual.<\/p>\n<div class=\"widget-title\">\n<h3>Inversi\u00f3n<\/h3>\n<\/div>\n<p><strong>PREVENTA (Hasta el 11 de octubre de 2019):<\/strong>\u00a0S\/ 50 Soles.<\/p>\n<p>Firmado por Centro de Altos Estudios Cietsi, equivalente a 50 horas lectivas, 3 cr\u00e9ditos.<\/p>\n<p><strong>Nota:<\/strong>\u00a0Puede reservar con el 50% la preventa y el saldo el mismo d\u00eda del curso.<\/p>\n<p><strong>NORMAL (A partir del 12 de octubre de 2019):<\/strong>\u00a0S\/ 80 Soles<\/p>\n<p>Firmado por Centro de Altos Estudios Cietsi, equivalente a 50 horas lectivas, 3 cr\u00e9ditos.<\/p>\n<p><strong>IMPORTANTE:<\/strong><\/p>\n<p>Puede tambi\u00e9n certificarse adicionando: S\/ 30 soles con el Colegio de Licenciados en Administraci\u00f3n Regi\u00f3n Lambayeque o S\/ 50 soles con la Escuela de Posgrado de la Universidad Nacional de Trujillo.<\/p>\n<p><em>\u00a1Capacidad Limitada en modalidad presencial!<\/em><\/p>\n<p><em>\u00a1Reserva tu vacante y asegura tu lugar!<\/em><\/p>\n<p><strong>FORMAS DE PAGO:<\/strong><\/p>\n<p>Oficina Chiclayo: Av. S\u00e1enz Pe\u00f1a 615 (Ref. altura con Calle Mar\u00eda Izaga)<\/p>\n<p>Oficina Piura: Av. Grau 220, 2do piso (Ref. altura con Jr. Arequipa)<\/p>\n<p>Tambi\u00e9n mediante las cuentas bancarias (<a href=\"http:\/\/cietsiperu.com\/forma-de-pago\" target=\"_blank\" rel=\"noopener noreferrer\">Clic aqu\u00ed<\/a>).<\/p>\n","protected":false},"excerpt":{"rendered":"<div class=\"mh-excerpt\"><p>MODALIDAD PRESENCIAL CHICLAYO Fecha:\u00a0s\u00e1bado 12 de octubre de 2019 Horario:\u00a04:00pm a 9:00pm Lugar:\u00a0Av. Sa\u00e9nz Pe\u00f1a 615, Chiclayo (Ref. Altura con Calle Mar\u00eda Izaga, centro Chiclayo) <a class=\"mh-excerpt-more\" href=\"https:\/\/cietsigubernamental.com\/blog\/curso-especializado-gestion-estrategica-de-la-capacitacion-y-desarrollo-del-talento-humano-1066\/\" title=\"CURSO ESPECIALIZADO GESTI\u00d3N ESTRAT\u00c9GICA DE LA CAPACITACI\u00d3N Y DESARROLLO DEL TALENTO HUMANO\">[&#8230;]<\/a><\/p>\n<\/div>","protected":false},"author":1,"featured_media":1074,"comment_status":"open","ping_status":"open","sticky":false,"template":"","format":"standard","meta":{"jetpack_post_was_ever_published":false,"_jetpack_newsletter_access":"","_jetpack_dont_email_post_to_subs":false,"_jetpack_newsletter_tier_id":0,"_jetpack_memberships_contains_paywalled_content":false,"_jetpack_memberships_contains_paid_content":false,"footnotes":"","jetpack_publicize_message":"","jetpack_publicize_feature_enabled":true,"jetpack_social_post_already_shared":true,"jetpack_social_options":{"image_generator_settings":{"template":"highway","default_image_id":0,"font":"","enabled":false},"version":2}},"categories":[2,5,59,71,24,70],"tags":[],"class_list":["post-1066","post","type-post","status-publish","format-standard","has-post-thumbnail","hentry","category-actualidad","category-cursos-talleres-cietsi","category-cursos-talleres-gratuitos","category-diplomados","category-gestion-publica","category-gubernamental"],"jetpack_publicize_connections":[],"jetpack_featured_media_url":"https:\/\/i0.wp.com\/cietsigubernamental.com\/blog\/wp-content\/uploads\/2019\/10\/CURSO-GESTI%C3%93N-ESTRAT%C3%89GICO-DE-LA-CAPACITACI%C3%93N-Y-DESARROLLO-3.jpg?fit=961%2C542&ssl=1","jetpack_sharing_enabled":true,"jetpack_shortlink":"https:\/\/wp.me\/p9RxCY-hc","jetpack-related-posts":[],"_links":{"self":[{"href":"https:\/\/cietsigubernamental.com\/blog\/wp-json\/wp\/v2\/posts\/1066","targetHints":{"allow":["GET"]}}],"collection":[{"href":"https:\/\/cietsigubernamental.com\/blog\/wp-json\/wp\/v2\/posts"}],"about":[{"href":"https:\/\/cietsigubernamental.com\/blog\/wp-json\/wp\/v2\/types\/post"}],"author":[{"embeddable":true,"href":"https:\/\/cietsigubernamental.com\/blog\/wp-json\/wp\/v2\/users\/1"}],"replies":[{"embeddable":true,"href":"https:\/\/cietsigubernamental.com\/blog\/wp-json\/wp\/v2\/comments?post=1066"}],"version-history":[{"count":1,"href":"https:\/\/cietsigubernamental.com\/blog\/wp-json\/wp\/v2\/posts\/1066\/revisions"}],"predecessor-version":[{"id":1067,"href":"https:\/\/cietsigubernamental.com\/blog\/wp-json\/wp\/v2\/posts\/1066\/revisions\/1067"}],"wp:featuredmedia":[{"embeddable":true,"href":"https:\/\/cietsigubernamental.com\/blog\/wp-json\/wp\/v2\/media\/1074"}],"wp:attachment":[{"href":"https:\/\/cietsigubernamental.com\/blog\/wp-json\/wp\/v2\/media?parent=1066"}],"wp:term":[{"taxonomy":"category","embeddable":true,"href":"https:\/\/cietsigubernamental.com\/blog\/wp-json\/wp\/v2\/categories?post=1066"},{"taxonomy":"post_tag","embeddable":true,"href":"https:\/\/cietsigubernamental.com\/blog\/wp-json\/wp\/v2\/tags?post=1066"}],"curies":[{"name":"wp","href":"https:\/\/api.w.org\/{rel}","templated":true}]}}