{"id":1003,"date":"2019-08-20T16:56:30","date_gmt":"2019-08-20T16:56:30","guid":{"rendered":"http:\/\/cietsigubernamental.com\/blog\/?p=1003"},"modified":"2019-08-20T16:56:30","modified_gmt":"2019-08-20T16:56:30","slug":"curso-especializado-gestion-por-procesos-para-el-sector-publico-2019","status":"publish","type":"post","link":"https:\/\/cietsigubernamental.com\/blog\/curso-especializado-gestion-por-procesos-para-el-sector-publico-2019-1003\/","title":{"rendered":"CURSO ESPECIALIZADO GESTI\u00d3N POR PROCESOS PARA EL SECTOR P\u00daBLICO 2019"},"content":{"rendered":"<p><strong>MODALIDAD PRESENCIAL PIURA<\/strong><\/p>\n<p><strong>Fecha:<\/strong>\u00a0s\u00e1bado 24 de agosto de 2019<\/p>\n<p><strong>Horario:<\/strong>\u00a09:00am a 1:00pm y de 3:00pm a 6:00pm<\/p>\n<p><strong>Lugar:<\/strong>\u00a0Av. Grau 220, 2do piso (Referencia altura con Jr. Arequipa, centro de Piura)<\/p>\n<p><strong>Ponente:<\/strong>\u00a0Mg. Vlado Casta\u00f1eda Gonzales (Gerente P\u00fablico Servir \u2013 Lima)<\/p>\n<p><strong>MODALIDAD VIRTUAL A NIVEL NACIONAL<\/strong><\/p>\n<p>Transmitiremos en vivo las clases y quedar\u00e1n grabadas en nuestro nuevo campus virtual Cietsi<\/p>\n<p><strong>Para participar del CURSO ESPECIALIZADO:<\/strong><\/p>\n<ul>\n<li>Dejar sus datos (<a href=\"https:\/\/docs.google.com\/forms\/d\/e\/1FAIpQLSfcv41iAj-oMYwXibg1IWk5vzK7hn81L7SkHFIPJhQowCKK6Q\/viewform\" target=\"_blank\" rel=\"noopener noreferrer\">Clic aqu\u00ed: http:\/\/bit.ly\/CursoGpProcesos<\/a>) o en\u00a0<strong>PRE-INSCRIPCI\u00d3N<\/strong>\u00a0(Ubicar en la parte inferior de esta p\u00e1gina)<\/li>\n<li>Oficinas Cietsi: Av. S\u00e1enz Pe\u00f1a 615, Chiclayo; Av. Grau 220, 2do piso, Piura<\/li>\n<li>Tel\u00e9fonos: (074) 637020, (073) 630855<\/li>\n<li>Tambi\u00e9n puede enviarnos sus datos por Celular\/WhatsApp: 956272261, 968059963<\/li>\n<\/ul>\n<p><em><strong>\u00a1Capacidad Limitada en modalidad presencial!<\/strong><\/em><\/p>\n<p><em><strong>\u00a1El presente curso es parte del<a href=\"http:\/\/cietsiperu.com\/diplomado\/49\/diplomado-gratuito-de-alta-especializaciOn-en-gestiOn-pUblica-2019-nuevo\" target=\"_blank\" rel=\"noopener noreferrer\">\u00a0Diplomado de GESTI\u00d3N P\u00daBLICA \u201cREGIONAL Y LOCAL<\/a>\u201d!\u00a0<\/strong><\/em><\/p>\n<div class=\"widget-title\">\n<h3>Dirigido<\/h3>\n<\/div>\n<p>+ Autoridades, funcionarios, administradores, ingenieros, abogados, economistas, contadores, l\u00edderes pol\u00edticos, candidatos a puestos del sector p\u00fablico.<\/p>\n<p>+ Gerentes y administrativos de organizaciones no gubernamentales.<\/p>\n<p>+ Empresarios que interact\u00faan con el estado.<\/p>\n<p>+ Estudiantes y p\u00fablico en general que deseen desarrollar sus capacidades en el \u00e1mbito de la gesti\u00f3n y gerencia p\u00fablica.<\/p>\n<div class=\"widget-title\">\n<h3>Temario<\/h3>\n<\/div>\n<p>+ Antecedentes y Conceptos de la Gesti\u00f3n por Procesos.<\/p>\n<p>+ Contexto para el Desarrollo de la Gesti\u00f3n por Procesos.<\/p>\n<p>+ Medidas y an\u00e1lisis de los procesos.<\/p>\n<p>+ Herramientas \u00fatiles para efectuar el control de procesos<\/p>\n<p>+ Mejora de los procesos para el desarrollo de servicios municipales y regionales.<\/p>\n<p>+ Gesti\u00f3n de la calidad y atenci\u00f3n al ciudadano, en las municipalidades y gobiernos regionales.<\/p>\n<div class=\"widget-title\">\n<h3>Ponente<\/h3>\n<\/div>\n<p><strong>MG. VLADO CASTA\u00d1EDA GONZALES (LIMA)<\/strong><\/p>\n<p>Ingeniero Civil, Master en Estudios Pol\u00edticos Aplicados en la Fundaci\u00f3n Internacional y para Iberoam\u00e9rica de Administraci\u00f3n y Pol\u00edticas P\u00fablicas \u2013 FIIAPP, de Espa\u00f1a.<\/p>\n<p>ESPECIALISTA EN DESCENTRALIZACI\u00d3N Y POL\u00cdTICAS P\u00daBLICAS, con m\u00e1s de 10 a\u00f1os de experiencia el Sector P\u00fablico (Habiendo trabajado en diversas instituciones p\u00fablicas como: PROMUDEH, MIMDES hoy MIMP, CND, Despacho Presidencial-PCM, MINSA, JCI INTERNOR). Actualmente se desempe\u00f1a como Asesor del Ministerio de Salud, tambi\u00e9n se ha desempe\u00f1ado como Secretario de Coordinaci\u00f3n de la Presidencia del Consejo de Ministros -PCM. Miembro del Cuerpo de Gerentes P\u00fablicos de SERVIR y ganador del \u201cConcurso de Buenas Pr\u00e1cticas de Gesti\u00f3n P\u00fablica en el a\u00f1o 2010\u201d (categor\u00eda sistemas de gesti\u00f3n interna), organizado por la ONG Ciudadanos al D\u00eda. Anteriormente se ha desempe\u00f1ado como Director de Monitoreo y Evaluaci\u00f3n de Impacto Social del Ministerio de la Mujer y Desarrollo Social.<\/p>\n<div class=\"widget-title\">\n<h3>Inversi\u00f3n<\/h3>\n<\/div>\n<p><strong>PREVENTA (Hasta el 23 de agosto de 2019): S\/ 50 Soles.<\/strong><\/p>\n<p>Firmado por Centro de Altos Estudios Cietsi, equivalente a 50 horas lectivas, 3 cr\u00e9ditos.<\/p>\n<p>Nota: Puede reservar con el 50% la preventa y el saldo el mismo d\u00eda del curso.<\/p>\n<p><strong>NORMAL (A partir del 24 de agosto de 2019): S\/ 80 Soles<\/strong><\/p>\n<p>Firmado por Centro de Altos Estudios Cietsi, equivalente a 50 horas lectivas, 3 cr\u00e9ditos.<\/p>\n<p><strong>IMPORTANTE:<\/strong><\/p>\n<p>Puede tambi\u00e9n certificarse adicionando: S\/ 30 soles con el Colegio de Licenciados en Administraci\u00f3n Regi\u00f3n Lambayeque.<\/p>\n<p><strong>\u00a1Capacidad Limitada en modalidad presencial!<\/strong><\/p>\n<p><strong>\u00a1Reserva tu vacante y asegura tu lugar!<\/strong><\/p>\n<p><strong>FORMAS DE PAGO:<\/strong><\/p>\n<p>Oficina Chiclayo: Av. S\u00e1enz Pe\u00f1a 615 (Ref. altura con Calle Mar\u00eda Izaga)<\/p>\n<p>Oficina Piura: Av. Grau 220, 2do piso (Ref. altura con Jr. Arequipa)<\/p>\n<p>Tambi\u00e9n mediante las cuentas bancarias (<a href=\"http:\/\/cietsiperu.com\/forma-de-pago\" target=\"_blank\" rel=\"noopener noreferrer\">clic aqu\u00ed<\/a>)<\/p>\n","protected":false},"excerpt":{"rendered":"<div class=\"mh-excerpt\"><p>MODALIDAD PRESENCIAL PIURA Fecha:\u00a0s\u00e1bado 24 de agosto de 2019 Horario:\u00a09:00am a 1:00pm y de 3:00pm a 6:00pm Lugar:\u00a0Av. Grau 220, 2do piso (Referencia altura con <a class=\"mh-excerpt-more\" href=\"https:\/\/cietsigubernamental.com\/blog\/curso-especializado-gestion-por-procesos-para-el-sector-publico-2019-1003\/\" title=\"CURSO ESPECIALIZADO GESTI\u00d3N POR PROCESOS PARA EL SECTOR P\u00daBLICO 2019\">[&#8230;]<\/a><\/p>\n<\/div>","protected":false},"author":1,"featured_media":1004,"comment_status":"open","ping_status":"open","sticky":false,"template":"","format":"standard","meta":{"jetpack_post_was_ever_published":false,"_jetpack_newsletter_access":"","_jetpack_dont_email_post_to_subs":false,"_jetpack_newsletter_tier_id":0,"_jetpack_memberships_contains_paywalled_content":false,"_jetpack_memberships_contains_paid_content":false,"footnotes":"","jetpack_publicize_message":"","jetpack_publicize_feature_enabled":true,"jetpack_social_post_already_shared":true,"jetpack_social_options":{"image_generator_settings":{"template":"highway","default_image_id":0,"font":"","enabled":false},"version":2}},"categories":[5,59,24,70],"tags":[],"class_list":["post-1003","post","type-post","status-publish","format-standard","has-post-thumbnail","hentry","category-cursos-talleres-cietsi","category-cursos-talleres-gratuitos","category-gestion-publica","category-gubernamental"],"jetpack_publicize_connections":[],"jetpack_featured_media_url":"https:\/\/i0.wp.com\/cietsigubernamental.com\/blog\/wp-content\/uploads\/2019\/08\/CURSO-GESTI%C3%93N-POR-PROCESOS-2019-2.jpg?fit=961%2C541&ssl=1","jetpack_sharing_enabled":true,"jetpack_shortlink":"https:\/\/wp.me\/p9RxCY-gb","jetpack-related-posts":[],"_links":{"self":[{"href":"https:\/\/cietsigubernamental.com\/blog\/wp-json\/wp\/v2\/posts\/1003","targetHints":{"allow":["GET"]}}],"collection":[{"href":"https:\/\/cietsigubernamental.com\/blog\/wp-json\/wp\/v2\/posts"}],"about":[{"href":"https:\/\/cietsigubernamental.com\/blog\/wp-json\/wp\/v2\/types\/post"}],"author":[{"embeddable":true,"href":"https:\/\/cietsigubernamental.com\/blog\/wp-json\/wp\/v2\/users\/1"}],"replies":[{"embeddable":true,"href":"https:\/\/cietsigubernamental.com\/blog\/wp-json\/wp\/v2\/comments?post=1003"}],"version-history":[{"count":1,"href":"https:\/\/cietsigubernamental.com\/blog\/wp-json\/wp\/v2\/posts\/1003\/revisions"}],"predecessor-version":[{"id":1005,"href":"https:\/\/cietsigubernamental.com\/blog\/wp-json\/wp\/v2\/posts\/1003\/revisions\/1005"}],"wp:featuredmedia":[{"embeddable":true,"href":"https:\/\/cietsigubernamental.com\/blog\/wp-json\/wp\/v2\/media\/1004"}],"wp:attachment":[{"href":"https:\/\/cietsigubernamental.com\/blog\/wp-json\/wp\/v2\/media?parent=1003"}],"wp:term":[{"taxonomy":"category","embeddable":true,"href":"https:\/\/cietsigubernamental.com\/blog\/wp-json\/wp\/v2\/categories?post=1003"},{"taxonomy":"post_tag","embeddable":true,"href":"https:\/\/cietsigubernamental.com\/blog\/wp-json\/wp\/v2\/tags?post=1003"}],"curies":[{"name":"wp","href":"https:\/\/api.w.org\/{rel}","templated":true}]}}